{"id":916,"date":"2021-07-13T11:07:50","date_gmt":"2021-07-13T11:07:50","guid":{"rendered":"https:\/\/www.ocaf-faco.ca\/?post_type=news-post&#038;p=916"},"modified":"2024-09-10T12:04:01","modified_gmt":"2024-09-10T12:04:01","slug":"la-diversite-et-linclusion-doivent-etre-au-coeur-de-la-politique-de-lutte-contre-le-changement-climatique","status":"publish","type":"news-post","link":"https:\/\/ottclimatefund.ca\/fr\/nouvelles\/la-diversite-et-linclusion-doivent-etre-au-coeur-de-la-politique-de-lutte-contre-le-changement-climatique\/","title":{"rendered":"La diversit\u00e9 et l\u2019inclusion doivent \u00eatre au c\u0153ur de la politique de lutte contre le changement climatique"},"content":{"rendered":"<h5>La F\u00e9d\u00e9ration canadienne des municipalit\u00e9s a publi\u00e9 <a href=\"https:\/\/fcm.ca\/fr\/ressources\/lc3\/serie-articles-leaders-climat-reseau-lc3\">les profils des nouveaux dirigeants du LC3<\/a>. Voici le profil du DG de l&rsquo;OCAF.<\/h5>\n<p>En sa qualit\u00e9 de nouveau directeur g\u00e9n\u00e9ral du\u00a0<a href=\"https:\/\/www.ocaf-faco.ca\/fr\/\" target=\"_blank\" rel=\"nofollow noopener\">Fonds d\u2019action climatique d\u2019Ottawa<\/a>\u00a0(FACO), qui est le centre de la Ligue des communaut\u00e9s canadiennes sobres en carbone (LC3) d\u2019Ottawa, Steve Winkelman est impatient de d\u00e9cloisonner les secteurs, les organismes et les organisations pour faire avancer des solutions globales et durables dans la capitale.<\/p>\n<p>\u0152uvrant \u00e0 acc\u00e9l\u00e9rer la transition d\u2019Ottawa vers un avenir \u00e9quitable et carboneutre, le Fonds est incub\u00e9 par la\u00a0<a href=\"https:\/\/www.ocf-fco.ca\/?lang=fr\" target=\"_blank\" rel=\"nofollow noopener\">Fondation communautaire d\u2019Ottawa<\/a>, un organisme caritatif \u00e0 but non lucratif qui s\u2019efforce d\u2019apporter des changements positifs, syst\u00e9miques et durables dans de nombreux domaines, dont le logement, l\u2019\u00e9ducation, la s\u00e9curit\u00e9 alimentaire ainsi que les questions environnementales et sociales.<\/p>\n<p>\u00ab La ligue LC3 offre des possibilit\u00e9s exceptionnelles compte tenu de ce que fait d\u00e9j\u00e0 la Fondation communautaire d\u2019Ottawa (FCO) dans notre collectivit\u00e9, d\u00e9clare M. Winkelman, qui conseille de hauts fonctionnaires du monde entier en mati\u00e8re de politiques, de projets et de financement li\u00e9s au changement climatique, de transport durable, de planification urbaine, d\u2019\u00e9nergie propre et d\u2019air pur depuis pr\u00e8s de 30 ans. Nous pouvons nous entraider et tirer parti des efforts et des ressources de chacun afin de poursuivre cette conversation avec d\u2019autres investisseurs et acteurs. C\u2019est une excellente plateforme. \u00bb<\/p>\n<p>Il est \u00e9galement tr\u00e8s enthousiaste \u00e0 l\u2019id\u00e9e d\u2019avoir acc\u00e8s \u00e0 la ligue LC3 et de pouvoir consulter des leaders engag\u00e9s dans l\u2019action climatique au Canada. \u00ab J\u2019esp\u00e8re que le mod\u00e8le de partenariat du FACO avec les secteurs philanthropique, priv\u00e9 et public pourra \u00eatre utilis\u00e9 par l\u2019ensemble de la ligue LC3, notamment afin de renforcer les synergies entre les politiques sur le logement, les transports, l\u2019am\u00e9nagement du territoire et l\u2019environnement \u00bb, pr\u00e9cise-t-il.<\/p>\n<p>M. Winkelman ajoute que les membres du r\u00e9seau ont d\u00e9j\u00e0 commenc\u00e9 \u00e0 mettre en commun leurs pratiques exemplaires. \u00ab Si nous copions chacun un programme fructueux d\u2019un autre centre, nous ferons de beaux progr\u00e8s, et puisque tout le programme LC3 est soutenu par la F\u00e9d\u00e9ration canadienne des municipalit\u00e9s, les possibilit\u00e9s d\u2019apprentissage et d\u2019harmonisation sont \u00e9normes, explique-t-il. Le v\u00e9ritable d\u00e9fi, qui constitue \u00e9galement notre plus grande possibilit\u00e9, consiste \u00e0 d\u00e9terminer comment accro\u00eetre l\u2019\u00e9chelle des importants travaux de mise en \u0153uvre et de reproduction des projets. \u00c0 quel moment commen\u00e7ons-nous \u00e0 avoir une incidence sur les march\u00e9s, les institutions et les syst\u00e8mes? Nous devons donner suite \u00e0 notre vision audacieuse \u00e0 long terme tout en g\u00e9n\u00e9rant des avantages tangibles \u00e0 court terme. \u00bb<\/p>\n<p>La diversit\u00e9 et l\u2019\u00e9quit\u00e9 joueront un r\u00f4le important dans ce travail. \u00ab Dans le contexte d\u2019une fondation communautaire, nous avons cern\u00e9 le besoin d\u2019am\u00e9liorer la capacit\u00e9 de collaboration entre les leaders de la lutte aux changements climatiques et les leaders de l\u2019inclusion sociale, souligne-t-il. Ces communaut\u00e9s ne se connaissent pas si bien que cela. La pand\u00e9mie a mis en \u00e9vidence de nombreuses failles dans notre soci\u00e9t\u00e9, notamment la discrimination raciale et l\u2019in\u00e9galit\u00e9 d\u2019acc\u00e8s aux ressources et aux services. L\u2019urgence climatique exige une approche de mobilisation g\u00e9n\u00e9rale. Cela signifie que nous devons travailler tous ensemble \u00e0 fa\u00e7onner des solutions sobres en carbone dont tous les groupes communautaires b\u00e9n\u00e9ficieront. \u00bb<\/p>\n<p><em>Le\u00a0<a href=\"https:\/\/www.ocaf-faco.ca\/fr\/\" target=\"_blank\" rel=\"nofollow noopener\">Fonds d\u2019action climatique d\u2019Ottawa<\/a>\u00a0(FACO) est un programme incub\u00e9 par la\u00a0<a href=\"https:\/\/www.ocf-fco.ca\/\" target=\"_blank\" rel=\"nofollow noopener\">Fondation communautaire d\u2019Ottawa<\/a>\u00a0(FCO), un organisme philanthropique qui travaille avec des donateurs et l\u2019ensemble de la communaut\u00e9 pour mettre en \u0153uvre des changements positifs, syst\u00e9miques et durables. La Fondation continue de s\u2019appuyer sur sa gestion financi\u00e8re judicieuse, ses services aux donateurs de grande qualit\u00e9, ses subventions strat\u00e9giques et ses partenariats novateurs.<\/em><\/p>\n<p><em>Image reproduite avec l\u2019approbation de Tim Chin.<\/em><\/p>\n","protected":false},"excerpt":{"rendered":"<p>La F\u00e9d\u00e9ration canadienne des municipalit\u00e9s a publi\u00e9 les profils des nouveaux dirigeants du LC3. Voici le profil du DG de l&rsquo;OCAF. En sa qualit\u00e9 de nouveau directeur g\u00e9n\u00e9ral du\u00a0Fonds d\u2019action climatique d\u2019Ottawa\u00a0(FACO), qui est le centre de la Ligue des communaut\u00e9s canadiennes sobres en carbone (LC3) d\u2019Ottawa, Steve Winkelman est impatient de d\u00e9cloisonner les secteurs, [&hellip;]<\/p>\n","protected":false},"featured_media":866,"template":"","meta":{"_acf_changed":false,"cybocfi_hide_featured_image":""},"featured-post-item":[],"news-category":[25,42],"class_list":["post-916","news-post","type-news-post","status-publish","has-post-thumbnail","hentry","news-category-actualites","news-category-equity"],"acf":[],"yoast_head":"<!-- This site is optimized with the Yoast SEO plugin v27.5 - https:\/\/yoast.com\/product\/yoast-seo-wordpress\/ -->\n<title>La diversit\u00e9 et l\u2019inclusion doivent \u00eatre au c\u0153ur de la politique de lutte contre le changement climatique - Ottawa Climate Action Fund<\/title>\n<meta name=\"robots\" content=\"index, follow, max-snippet:-1, max-image-preview:large, max-video-preview:-1\" \/>\n<link rel=\"canonical\" href=\"https:\/\/ottclimatefund.ca\/fr\/nouvelles\/la-diversite-et-linclusion-doivent-etre-au-coeur-de-la-politique-de-lutte-contre-le-changement-climatique\/\" \/>\n<meta property=\"og:locale\" content=\"fr_FR\" \/>\n<meta property=\"og:type\" content=\"article\" \/>\n<meta property=\"og:title\" content=\"La diversit\u00e9 et l\u2019inclusion doivent \u00eatre au c\u0153ur de la politique de lutte contre le changement climatique - Ottawa Climate Action Fund\" \/>\n<meta property=\"og:description\" content=\"La F\u00e9d\u00e9ration canadienne des municipalit\u00e9s a publi\u00e9 les profils des nouveaux dirigeants du LC3. Voici le profil du DG de l&rsquo;OCAF. En sa qualit\u00e9 de nouveau directeur g\u00e9n\u00e9ral du\u00a0Fonds d\u2019action climatique d\u2019Ottawa\u00a0(FACO), qui est le centre de la Ligue des communaut\u00e9s canadiennes sobres en carbone (LC3) d\u2019Ottawa, Steve Winkelman est impatient de d\u00e9cloisonner les secteurs, [&hellip;]\" \/>\n<meta property=\"og:url\" content=\"https:\/\/ottclimatefund.ca\/fr\/nouvelles\/la-diversite-et-linclusion-doivent-etre-au-coeur-de-la-politique-de-lutte-contre-le-changement-climatique\/\" \/>\n<meta property=\"og:site_name\" content=\"Ottawa Climate Action Fund\" \/>\n<meta property=\"article:modified_time\" content=\"2024-09-10T12:04:01+00:00\" \/>\n<meta property=\"og:image\" content=\"https:\/\/ottclimatefund.ca\/wp-content\/uploads\/2021\/05\/Unsaved-Preview-Document-1-1024x761.png\" \/>\n\t<meta property=\"og:image:width\" content=\"1024\" \/>\n\t<meta property=\"og:image:height\" content=\"761\" \/>\n\t<meta property=\"og:image:type\" content=\"image\/png\" \/>\n<meta name=\"twitter:card\" content=\"summary_large_image\" \/>\n<meta name=\"twitter:site\" content=\"@OttClimateFund\" \/>\n<meta name=\"twitter:label1\" content=\"Est. reading time\" \/>\n\t<meta name=\"twitter:data1\" content=\"3 minutes\" \/>\n<script type=\"application\/ld+json\" class=\"yoast-schema-graph\">{\"@context\":\"https:\\\/\\\/schema.org\",\"@graph\":[{\"@type\":\"WebPage\",\"@id\":\"https:\\\/\\\/ottclimatefund.ca\\\/fr\\\/nouvelles\\\/la-diversite-et-linclusion-doivent-etre-au-coeur-de-la-politique-de-lutte-contre-le-changement-climatique\\\/\",\"url\":\"https:\\\/\\\/ottclimatefund.ca\\\/fr\\\/nouvelles\\\/la-diversite-et-linclusion-doivent-etre-au-coeur-de-la-politique-de-lutte-contre-le-changement-climatique\\\/\",\"name\":\"La diversit\u00e9 et l\u2019inclusion doivent \u00eatre au c\u0153ur de la politique de lutte contre le changement climatique - Ottawa Climate Action Fund\",\"isPartOf\":{\"@id\":\"https:\\\/\\\/ottclimatefund.ca\\\/#website\"},\"primaryImageOfPage\":{\"@id\":\"https:\\\/\\\/ottclimatefund.ca\\\/fr\\\/nouvelles\\\/la-diversite-et-linclusion-doivent-etre-au-coeur-de-la-politique-de-lutte-contre-le-changement-climatique\\\/#primaryimage\"},\"image\":{\"@id\":\"https:\\\/\\\/ottclimatefund.ca\\\/fr\\\/nouvelles\\\/la-diversite-et-linclusion-doivent-etre-au-coeur-de-la-politique-de-lutte-contre-le-changement-climatique\\\/#primaryimage\"},\"thumbnailUrl\":\"https:\\\/\\\/ottclimatefund.ca\\\/wp-content\\\/uploads\\\/2021\\\/05\\\/Unsaved-Preview-Document-1.png\",\"datePublished\":\"2021-07-13T11:07:50+00:00\",\"dateModified\":\"2024-09-10T12:04:01+00:00\",\"breadcrumb\":{\"@id\":\"https:\\\/\\\/ottclimatefund.ca\\\/fr\\\/nouvelles\\\/la-diversite-et-linclusion-doivent-etre-au-coeur-de-la-politique-de-lutte-contre-le-changement-climatique\\\/#breadcrumb\"},\"inLanguage\":\"fr-FR\",\"potentialAction\":[{\"@type\":\"ReadAction\",\"target\":[\"https:\\\/\\\/ottclimatefund.ca\\\/fr\\\/nouvelles\\\/la-diversite-et-linclusion-doivent-etre-au-coeur-de-la-politique-de-lutte-contre-le-changement-climatique\\\/\"]}]},{\"@type\":\"ImageObject\",\"inLanguage\":\"fr-FR\",\"@id\":\"https:\\\/\\\/ottclimatefund.ca\\\/fr\\\/nouvelles\\\/la-diversite-et-linclusion-doivent-etre-au-coeur-de-la-politique-de-lutte-contre-le-changement-climatique\\\/#primaryimage\",\"url\":\"https:\\\/\\\/ottclimatefund.ca\\\/wp-content\\\/uploads\\\/2021\\\/05\\\/Unsaved-Preview-Document-1.png\",\"contentUrl\":\"https:\\\/\\\/ottclimatefund.ca\\\/wp-content\\\/uploads\\\/2021\\\/05\\\/Unsaved-Preview-Document-1.png\",\"width\":1958,\"height\":1456,\"caption\":\"Steve WInkelman\"},{\"@type\":\"BreadcrumbList\",\"@id\":\"https:\\\/\\\/ottclimatefund.ca\\\/fr\\\/nouvelles\\\/la-diversite-et-linclusion-doivent-etre-au-coeur-de-la-politique-de-lutte-contre-le-changement-climatique\\\/#breadcrumb\",\"itemListElement\":[{\"@type\":\"ListItem\",\"position\":1,\"name\":\"Home\",\"item\":\"https:\\\/\\\/ottclimatefund.ca\\\/fr\\\/\"},{\"@type\":\"ListItem\",\"position\":2,\"name\":\"La diversit\u00e9 et l\u2019inclusion doivent \u00eatre au c\u0153ur de la politique de lutte contre le changement climatique\"}]},{\"@type\":\"WebSite\",\"@id\":\"https:\\\/\\\/ottclimatefund.ca\\\/#website\",\"url\":\"https:\\\/\\\/ottclimatefund.ca\\\/\",\"name\":\"Ottawa Climate Action Fund\",\"description\":\"Carbon down. Community Up.\",\"publisher\":{\"@id\":\"https:\\\/\\\/ottclimatefund.ca\\\/#organization\"},\"potentialAction\":[{\"@type\":\"SearchAction\",\"target\":{\"@type\":\"EntryPoint\",\"urlTemplate\":\"https:\\\/\\\/ottclimatefund.ca\\\/?s={search_term_string}\"},\"query-input\":{\"@type\":\"PropertyValueSpecification\",\"valueRequired\":true,\"valueName\":\"search_term_string\"}}],\"inLanguage\":\"fr-FR\"},{\"@type\":\"Organization\",\"@id\":\"https:\\\/\\\/ottclimatefund.ca\\\/#organization\",\"name\":\"Ottawa Climate Action Fund\",\"url\":\"https:\\\/\\\/ottclimatefund.ca\\\/\",\"logo\":{\"@type\":\"ImageObject\",\"inLanguage\":\"fr-FR\",\"@id\":\"https:\\\/\\\/ottclimatefund.ca\\\/#\\\/schema\\\/logo\\\/image\\\/\",\"url\":\"https:\\\/\\\/ottclimatefund.ca\\\/wp-content\\\/uploads\\\/2024\\\/07\\\/ocaf-logo.svg\",\"contentUrl\":\"https:\\\/\\\/ottclimatefund.ca\\\/wp-content\\\/uploads\\\/2024\\\/07\\\/ocaf-logo.svg\",\"width\":172,\"height\":37,\"caption\":\"Ottawa Climate Action Fund\"},\"image\":{\"@id\":\"https:\\\/\\\/ottclimatefund.ca\\\/#\\\/schema\\\/logo\\\/image\\\/\"},\"sameAs\":[\"https:\\\/\\\/x.com\\\/OttClimateFund\",\"https:\\\/\\\/www.linkedin.com\\\/company\\\/ottawa-climate-action-fund\\\/about\\\/\"]}]}<\/script>\n<!-- \/ Yoast SEO plugin. -->","yoast_head_json":{"title":"La diversit\u00e9 et l\u2019inclusion doivent \u00eatre au c\u0153ur de la politique de lutte contre le changement climatique - Ottawa Climate Action Fund","robots":{"index":"index","follow":"follow","max-snippet":"max-snippet:-1","max-image-preview":"max-image-preview:large","max-video-preview":"max-video-preview:-1"},"canonical":"https:\/\/ottclimatefund.ca\/fr\/nouvelles\/la-diversite-et-linclusion-doivent-etre-au-coeur-de-la-politique-de-lutte-contre-le-changement-climatique\/","og_locale":"fr_FR","og_type":"article","og_title":"La diversit\u00e9 et l\u2019inclusion doivent \u00eatre au c\u0153ur de la politique de lutte contre le changement climatique - Ottawa Climate Action Fund","og_description":"La F\u00e9d\u00e9ration canadienne des municipalit\u00e9s a publi\u00e9 les profils des nouveaux dirigeants du LC3. Voici le profil du DG de l&rsquo;OCAF. En sa qualit\u00e9 de nouveau directeur g\u00e9n\u00e9ral du\u00a0Fonds d\u2019action climatique d\u2019Ottawa\u00a0(FACO), qui est le centre de la Ligue des communaut\u00e9s canadiennes sobres en carbone (LC3) d\u2019Ottawa, Steve Winkelman est impatient de d\u00e9cloisonner les secteurs, [&hellip;]","og_url":"https:\/\/ottclimatefund.ca\/fr\/nouvelles\/la-diversite-et-linclusion-doivent-etre-au-coeur-de-la-politique-de-lutte-contre-le-changement-climatique\/","og_site_name":"Ottawa Climate Action Fund","article_modified_time":"2024-09-10T12:04:01+00:00","og_image":[{"width":1024,"height":761,"url":"https:\/\/ottclimatefund.ca\/wp-content\/uploads\/2021\/05\/Unsaved-Preview-Document-1-1024x761.png","type":"image\/png"}],"twitter_card":"summary_large_image","twitter_site":"@OttClimateFund","twitter_misc":{"Est. reading time":"3 minutes"},"schema":{"@context":"https:\/\/schema.org","@graph":[{"@type":"WebPage","@id":"https:\/\/ottclimatefund.ca\/fr\/nouvelles\/la-diversite-et-linclusion-doivent-etre-au-coeur-de-la-politique-de-lutte-contre-le-changement-climatique\/","url":"https:\/\/ottclimatefund.ca\/fr\/nouvelles\/la-diversite-et-linclusion-doivent-etre-au-coeur-de-la-politique-de-lutte-contre-le-changement-climatique\/","name":"La diversit\u00e9 et l\u2019inclusion doivent \u00eatre au c\u0153ur de la politique de lutte contre le changement climatique - Ottawa Climate Action Fund","isPartOf":{"@id":"https:\/\/ottclimatefund.ca\/#website"},"primaryImageOfPage":{"@id":"https:\/\/ottclimatefund.ca\/fr\/nouvelles\/la-diversite-et-linclusion-doivent-etre-au-coeur-de-la-politique-de-lutte-contre-le-changement-climatique\/#primaryimage"},"image":{"@id":"https:\/\/ottclimatefund.ca\/fr\/nouvelles\/la-diversite-et-linclusion-doivent-etre-au-coeur-de-la-politique-de-lutte-contre-le-changement-climatique\/#primaryimage"},"thumbnailUrl":"https:\/\/ottclimatefund.ca\/wp-content\/uploads\/2021\/05\/Unsaved-Preview-Document-1.png","datePublished":"2021-07-13T11:07:50+00:00","dateModified":"2024-09-10T12:04:01+00:00","breadcrumb":{"@id":"https:\/\/ottclimatefund.ca\/fr\/nouvelles\/la-diversite-et-linclusion-doivent-etre-au-coeur-de-la-politique-de-lutte-contre-le-changement-climatique\/#breadcrumb"},"inLanguage":"fr-FR","potentialAction":[{"@type":"ReadAction","target":["https:\/\/ottclimatefund.ca\/fr\/nouvelles\/la-diversite-et-linclusion-doivent-etre-au-coeur-de-la-politique-de-lutte-contre-le-changement-climatique\/"]}]},{"@type":"ImageObject","inLanguage":"fr-FR","@id":"https:\/\/ottclimatefund.ca\/fr\/nouvelles\/la-diversite-et-linclusion-doivent-etre-au-coeur-de-la-politique-de-lutte-contre-le-changement-climatique\/#primaryimage","url":"https:\/\/ottclimatefund.ca\/wp-content\/uploads\/2021\/05\/Unsaved-Preview-Document-1.png","contentUrl":"https:\/\/ottclimatefund.ca\/wp-content\/uploads\/2021\/05\/Unsaved-Preview-Document-1.png","width":1958,"height":1456,"caption":"Steve WInkelman"},{"@type":"BreadcrumbList","@id":"https:\/\/ottclimatefund.ca\/fr\/nouvelles\/la-diversite-et-linclusion-doivent-etre-au-coeur-de-la-politique-de-lutte-contre-le-changement-climatique\/#breadcrumb","itemListElement":[{"@type":"ListItem","position":1,"name":"Home","item":"https:\/\/ottclimatefund.ca\/fr\/"},{"@type":"ListItem","position":2,"name":"La diversit\u00e9 et l\u2019inclusion doivent \u00eatre au c\u0153ur de la politique de lutte contre le changement climatique"}]},{"@type":"WebSite","@id":"https:\/\/ottclimatefund.ca\/#website","url":"https:\/\/ottclimatefund.ca\/","name":"Ottawa Climate Action Fund","description":"Carbon down. Community Up.","publisher":{"@id":"https:\/\/ottclimatefund.ca\/#organization"},"potentialAction":[{"@type":"SearchAction","target":{"@type":"EntryPoint","urlTemplate":"https:\/\/ottclimatefund.ca\/?s={search_term_string}"},"query-input":{"@type":"PropertyValueSpecification","valueRequired":true,"valueName":"search_term_string"}}],"inLanguage":"fr-FR"},{"@type":"Organization","@id":"https:\/\/ottclimatefund.ca\/#organization","name":"Ottawa Climate Action Fund","url":"https:\/\/ottclimatefund.ca\/","logo":{"@type":"ImageObject","inLanguage":"fr-FR","@id":"https:\/\/ottclimatefund.ca\/#\/schema\/logo\/image\/","url":"https:\/\/ottclimatefund.ca\/wp-content\/uploads\/2024\/07\/ocaf-logo.svg","contentUrl":"https:\/\/ottclimatefund.ca\/wp-content\/uploads\/2024\/07\/ocaf-logo.svg","width":172,"height":37,"caption":"Ottawa Climate Action Fund"},"image":{"@id":"https:\/\/ottclimatefund.ca\/#\/schema\/logo\/image\/"},"sameAs":["https:\/\/x.com\/OttClimateFund","https:\/\/www.linkedin.com\/company\/ottawa-climate-action-fund\/about\/"]}]}},"_links":{"self":[{"href":"https:\/\/ottclimatefund.ca\/fr\/wp-json\/wp\/v2\/news-post\/916","targetHints":{"allow":["GET"]}}],"collection":[{"href":"https:\/\/ottclimatefund.ca\/fr\/wp-json\/wp\/v2\/news-post"}],"about":[{"href":"https:\/\/ottclimatefund.ca\/fr\/wp-json\/wp\/v2\/types\/news-post"}],"version-history":[{"count":0,"href":"https:\/\/ottclimatefund.ca\/fr\/wp-json\/wp\/v2\/news-post\/916\/revisions"}],"wp:featuredmedia":[{"embeddable":true,"href":"https:\/\/ottclimatefund.ca\/fr\/wp-json\/wp\/v2\/media\/866"}],"wp:attachment":[{"href":"https:\/\/ottclimatefund.ca\/fr\/wp-json\/wp\/v2\/media?parent=916"}],"wp:term":[{"taxonomy":"featured-post-item","embeddable":true,"href":"https:\/\/ottclimatefund.ca\/fr\/wp-json\/wp\/v2\/featured-post-item?post=916"},{"taxonomy":"news-category","embeddable":true,"href":"https:\/\/ottclimatefund.ca\/fr\/wp-json\/wp\/v2\/news-category?post=916"}],"curies":[{"name":"wp","href":"https:\/\/api.w.org\/{rel}","templated":true}]}}