{"id":2019,"date":"2023-11-23T12:10:56","date_gmt":"2023-11-23T12:10:56","guid":{"rendered":"https:\/\/ottclimatefund.ca\/news-post\/prevent-prepare-prosper-climate-solutions-will-help-build-the-local-economy\/"},"modified":"2024-11-27T16:22:27","modified_gmt":"2024-11-27T16:22:27","slug":"prevent-prepare-prosper-climate-solutions-will-help-build-the-local-economy","status":"publish","type":"news-post","link":"https:\/\/ottclimatefund.ca\/fr\/nouvelles\/prevent-prepare-prosper-climate-solutions-will-help-build-the-local-economy\/","title":{"rendered":"PR\u00c9VENIR, PR\u00c9PARER, PROSP\u00c9RER : les solutions climatiques aideront \u00e0 b\u00e2tir l&rsquo;\u00e9conomie locale"},"content":{"rendered":"<p><em>De la revitalisation du centre-ville au logement abordable, de l&rsquo;exploitation des prouesses technologiques d&rsquo;Ottawa au d\u00e9veloppement d&rsquo;une main-d&rsquo;\u0153uvre du 21<sup>e<\/sup> si\u00e8cle, les mesures prises pour traiter le changement climatique aideront la ville \u00e0 aller plus loin et plus vite dans la r\u00e9solution de tous ses d\u00e9fis urgents.<\/em><\/p>\n<p>Pas besoin de regarder plus loin que la derni\u00e8re tornade, la derni\u00e8re temp\u00eate de verglas, le dernier d\u00e9r\u00e9cho, la derni\u00e8re canicule, la derni\u00e8re panne d&rsquo;\u00e9lectricit\u00e9 ou la derni\u00e8re alerte \u00e0 la fum\u00e9e d&rsquo;incendie de for\u00eat pour y voir la preuve que les changements climatiques sont un enjeu urgent pour notre ville.<\/p>\n<p>Notre prosp\u00e9rit\u00e9 future d\u00e9pend de l&rsquo;adoption des bonnes mesures, et de leur adoption rapide. Mais Ottawa peut aussi devenir la preuve vivante que les mesures prises pour lutter contre les changements climatiques sont synonymes d&rsquo;opportunit\u00e9s et de gains, et qu&rsquo;elles permettent d&rsquo;\u00e9viter des pertes et des souffrances futures. En examinant nos plus grands enjeux locaux sous l&rsquo;angle du climat, nous pourrons trouver des solutions plus rapides, plus efficaces et plus abordables pour r\u00e9pondre \u00e0 ces priorit\u00e9s.<\/p>\n<p>Nous nous rendrons compte que les mesures visant \u00e0 r\u00e9duire la pollution par le carbone et \u00e0 prot\u00e9ger notre communaut\u00e9 contre les risques climatiques croissants sont \u00e9troitement li\u00e9es \u00e0 nos efforts de revitalisation du centre-ville. Rendre l&rsquo;habitation plus abordable. R\u00e9orienter nos comp\u00e9tences en mati\u00e8re de haute technologie vers un avenir r\u00e9silient et carboneutre. Attirer une main-d&rsquo;\u0153uvre comp\u00e9tente de la prochaine g\u00e9n\u00e9ration. Et faire d&rsquo;Ottawa une communaut\u00e9 accueillante et \u00e9quitable o\u00f9 personne n&rsquo;est laiss\u00e9 de c\u00f4t\u00e9.<\/p>\n<p>L&rsquo;accent mis sur une r\u00e9duction plus rapide des \u00e9missions et sur la r\u00e9silience climatique pourrait m\u00eame nous apporter de nouvelles sources de financement public et d&rsquo;investissement priv\u00e9. Ces m\u00eames dollars dont nous avons besoin pour concr\u00e9tiser d&rsquo;autres priorit\u00e9s de la communaut\u00e9. C&rsquo;est pourquoi FACO pr\u00e9voit un sommet sur l&rsquo;action climatique et la prosp\u00e9rit\u00e9 \u00e9conomique, afin de commencer \u00e0 traduire les opportunit\u00e9s en un plan d&rsquo;action.<\/p>\n<h2>Les changements climatiques, c&rsquo;est du s\u00e9rieux&#8230; et Ottawa aussi<\/h2>\n<p>La Chambre de commerce d&rsquo;Ottawa a d\u00e9clar\u00e9 qu&rsquo;elle mettait l&rsquo;accent sur la construction de la ville, le r\u00e9am\u00e9nagement du centre-ville et les logements \u00e0 prix abordable. Chacune de ces priorit\u00e9s fondamentales sous-tend sa vision d&rsquo;une ville saine et prosp\u00e8re &#8211; sur le plan \u00e9conomique, social et environnemental.<\/p>\n<p>Et chacun d&rsquo;entre eux se recoupe avec une r\u00e9ponse globale aux changements climatiques, qu&rsquo;il s&rsquo;agisse des risques auxquels Ottawa est confront\u00e9 ou des possibilit\u00e9s qui s&rsquo;offrent \u00e0 nous dans l&rsquo;imm\u00e9diat.<\/p>\n<p>Les risques commencent avec les milliards de dollars d&rsquo;impacts sur la sant\u00e9, les sous-sols inond\u00e9s, les dommages aux infrastructures et les co\u00fbteuses interruptions d&rsquo;activit\u00e9 auxquels nous devrons faire face si nous ne prot\u00e9geons pas notre communaut\u00e9 contre les changements climatiques. L&rsquo;opportunit\u00e9 r\u00e9side dans les 90 % d&rsquo;\u00e9missions locales de gaz \u00e0 effet de serre qui proviennent des b\u00e2timents et des transports et qui doivent \u00eatre \u00e9limin\u00e9es d\u2019ici <a href=\"https:\/\/ottawa.ca\/en\/living-ottawa\/environment-conservation-and-climate\/climate-change-and-energy\/energy-evolution\">\u00e0 2050<\/a>. Voici ce que nous envisageons :<\/p>\n<ul>\n<li>Une ville qui fonctionne de mani\u00e8re plus efficace, avec des infrastructures fiables, moins d&rsquo;\u00e9talement urbain et des b\u00e2timents \u00e0 faible \u00e9mission de carbone, pr\u00eats \u00e0 faire face \u00e0 la prochaine inondation, \u00e0 la prochaine canicule ou \u00e0 la prochaine panne d&rsquo;\u00e9lectricit\u00e9 ;<\/li>\n<li>Une ville plus saine, plus abordable et plus \u00e9quitable qui attire et conserve une main-d&rsquo;\u0153uvre du 21<sup>e <\/sup>si\u00e8cle ;<\/li>\n<li>Un environnement commercial dynamique o\u00f9 les jeunes entreprises peuvent prendre pied et o\u00f9 les soci\u00e9t\u00e9s \u00e9tablies peuvent prosp\u00e9rer.<\/li>\n<\/ul>\n<p>Le menu des solutions comprend des <a href=\"https:\/\/www.efficiencycanada.org\/heat-pumps-canada\/\">pompes \u00e0 chaleur<\/a>, des <a href=\"https:\/\/betterhomesottawa.ca\/\">r\u00e9novations profondes des b\u00e2timents,<\/a> des v\u00e9hicules \u00e9lectriques, des <a href=\"https:\/\/engage.ottawa.ca\/the-new-official-plan\/news_feed\/15-minute-neighbourhoods\">quartiers \u00e0 15 minutes<\/a>, des <a href=\"https:\/\/www.ocaf-faco.ca\/news-post\/ocaf-celebrates-the-launch-of-the-ottawa-community-housing-electric-vehicle-car-sharing-program\/\">services d&rsquo;autopartage<\/a>, des v\u00e9los \u00e9lectriques en partage, des <a href=\"https:\/\/www.corporateknights.com\/energy\/5-system-changing-ways-to-fight-rising-energy-bills-in-heat-waves\/\">micro-r\u00e9seaux<\/a>, et bien plus encore.<\/p>\n<h2>Pr\u00e9venir, pr\u00e9parer, prosp\u00e9rer<\/h2>\n<p>Ce programme de solutions climatiques est conforme aux priorit\u00e9s de la Chambre de commerce d\u2019Ottawa en mati\u00e8re de construction urbaine.<\/p>\n<p><em>Revitalisation du centre-ville<\/em><\/p>\n<p>En juin 2023, la Chambre de commerce d\u2019Ottawa a \u00e9mis un enjeu urgent pour la revitalisation du centre-ville. \u00ab\u00a0Le centre-ville d&rsquo;Ottawa est le pouls de toute notre r\u00e9gion\u00a0\u00bb, avait alors <a href=\"https:\/\/www.ottawabot.ca\/2023\/07\/21\/downtown-ottawa-press-conference-speaking-notes\/\">d\u00e9clar\u00e9<\/a> la pr\u00e9sidente Sueling Ching. \u00ab\u00a0Ce qui se passe au centre-ville a un impact direct et imm\u00e9diat sur chaque entreprise, chaque citoyen et chaque visiteur\u00a0\u00bb.<\/p>\n<p>L&rsquo;activation d&rsquo;un centre-ville dynamique commence par des b\u00e2timents et des infrastructures abordables et \u00e9cologiques, faisant du centre-ville d&rsquo;Ottawa un endroit o\u00f9 les personnes d\u00e9sirent vivre, travailler, faire des achats et se divertir. Cette d\u00e9marche est conforme aux <a href=\"https:\/\/ottawa.ca\/en\/planning-development-and-construction\/official-plan-and-master-plans\/official-plan\">objectifs<\/a> de la Ville en mati\u00e8re de <a href=\"https:\/\/ottawa.ca\/en\/planning-development-and-construction\/official-plan-and-master-plans\/official-plan\">densification<\/a>, qui consiste \u00e0 convertir les immeubles de bureaux en logements et \u00e0 \u00e9laborer des quartiers compacts, pi\u00e9tonniers et r\u00e9silients. La revitalisation <a href=\"https:\/\/www.ocaf-faco.ca\/news-post\/economic-social-environmental-benefits-of-smart-growth\/\">co\u00fbte moins que l&rsquo;\u00e9talement urbain<\/a>, peut faire augmenter le rendement des investissements dans les transports collectifs, donne aux r\u00e9sidents la ville qu&rsquo;ils d\u00e9sirent et r\u00e9duit les \u00e9missions en cours de route.<\/p>\n<p><em>Les logements abordables<\/em><\/p>\n<p>La communaut\u00e9 des affaires reconna\u00eet que les logements abordables sont une priorit\u00e9 urgente. \u00ab\u00a0Alors que les Ontariens consacrent une plus grande part de leurs revenus \u00e0 l&rsquo;habitation, ils disposent de moins de moyens pour acheter d&rsquo;autres biens et services, ce qui entra\u00eene des cons\u00e9quences de grande ampleur pour la communaut\u00e9 des affaires et l&rsquo;\u00e9conomie en g\u00e9n\u00e9ral\u00a0\u00bb, <a href=\"https:\/\/occ.ca\/wp-content\/uploads\/OCC-Housing-Affordability-Brief.pdf\">a d\u00e9clar\u00e9<\/a> la Chambre de commerce de l&rsquo;Ontario <em>[pdf] <\/em>au d\u00e9but de l&rsquo;ann\u00e9e.<\/p>\n<p>Une strat\u00e9gie de logements abordables \u00ab\u00a0<a href=\"https:\/\/www.ocaf-faco.ca\/news-post\/fill-it-first-delivering-more-affordable-housing-faster-can-also-cut-emissions\/\">Fill it First<\/a> \u00bb (Comblez-les en premier)\u00a0pour Ottawa soutiendrait la construction de logements <a href=\"https:\/\/affordablemissingmiddle.ca\/webinars\">interm\u00e9diaires manquants<\/a> et de logements secondaires afin de cr\u00e9er des choix pratiques et attrayants pour un plus grand nombre de propri\u00e9taires et de locataires. Des crit\u00e8res de performance climatique pour les b\u00e2timents et les quartiers, anciens et nouveaux, peuvent s&rsquo;attaquer aux sources d&rsquo;\u00e9missions les plus importantes, donner une chance aux r\u00e9sidents sur leurs factures d&rsquo;\u00e9nergie, cr\u00e9er des d\u00e9cennies de demande pour une main-d&rsquo;\u0153uvre locale, qualifi\u00e9e et \u00e9cologique, et tirer parti d&rsquo;un financement public important pour r\u00e9nover les b\u00e2timents.<\/p>\n<p><em>L&rsquo;\u00e9nergie et la r\u00e9silience au-del\u00e0 du b\u00e2timent<\/em><\/p>\n<p>Les mesures de <a href=\"https:\/\/summit.sfu.ca\/item\/17658\">r\u00e9silience \u00e9cologique<\/a> en mati\u00e8re d&rsquo;\u00e9nergie, de transport et d&rsquo;att\u00e9nuation des inondations permettent d&rsquo;\u00e9pargner de l&rsquo;argent, du temps et du carbone en construisant correctement d\u00e8s la premi\u00e8re fois. Les solutions au-del\u00e0 du b\u00e2timent, telles que l&rsquo;<a href=\"https:\/\/www.toronto.ca\/services-payments\/water-environment\/environmentally-friendly-city-initiatives\/district-energy\/\">\u00e9nergie de quartier<\/a>, les micro-r\u00e9seaux, l&rsquo;<a href=\"https:\/\/www.seia.org\/initiatives\/community-solar\">\u00e9nergie solaire communautaire<\/a> et l&rsquo;<a href=\"https:\/\/www.cakex.org\/sites\/default\/files\/documents\/The-Value-of-Green-Infrastructure-for-Urban-Climate-Adaptation_CCAP-Feb-2011.pdf\">infrastructure \u00e9cologique<\/a>, permettent de r\u00e9aliser des \u00e9conomies d&rsquo;\u00e9chelle. Elles assurent l&rsquo;\u00e9clairage, le fonctionnement de nos entreprises, le chauffage ou la climatisation de nos maisons et l&rsquo;ass\u00e8chement de nos sous-sols.<\/p>\n<p><em>La main-d&rsquo;\u0153uvre du 21<sup>e<\/sup> si\u00e8cle <\/em><\/p>\n<p>La prise en compte du climat aidera Ottawa \u00e0 attirer et \u00e0 conserver la main-d&rsquo;\u0153uvre intelligente et aptitude dont elle a besoin pour \u00eatre comp\u00e9titive et gagner sur un march\u00e9 mondial difficile.<\/p>\n<p>Une grande partie des jeunes travailleurs d\u00e9sirent des emplois qui correspondent \u00e0 leurs valeurs environnementales et traitent de leur <a href=\"https:\/\/www.ctvnews.ca\/canada\/half-of-millennials-and-gen-z-living-paycheque-to-paycheque-in-canada-while-stressing-about-climate-crisis-survey-1.6585499\">inqui\u00e9tude<\/a> face \u00e0 un avenir marqu\u00e9 par le chaos climatique. Ils d\u00e9sirent des quartiers pi\u00e9tonniers et dynamiques, avec des logements qu&rsquo;ils peuvent s&rsquo;offrir.<\/p>\n<p>L&rsquo;adoption d&rsquo;une approche climatique par les entreprises de notre ville contribuera \u00e0 leur fournir les maisons abordables et \u00e9conomes en \u00e9nergie dont elles ont besoin et les emplois respectueux de l&rsquo;environnement qu&rsquo;elles d\u00e9sirent.<\/p>\n<p><em>La prochaine vague technologique<\/em><\/p>\n<p>Le secteur technologique et les \u00e9tablissements d&rsquo;enseignement postsecondaire d&rsquo;Ottawa sont toujours plus performants lorsqu&rsquo;ils sont en mesure d&rsquo;anticiper la <em>prochaine <\/em>vague de demande de produits et de services technologiques.<\/p>\n<p>Les multiples et rapides transports collectifs visant \u00e0 ma\u00eetriser le changement climatique constituent l&rsquo;une des plus grandes opportunit\u00e9s commerciales et d&rsquo;investissement du si\u00e8cle, avec des billions de dollars par an en jeu pour l&rsquo;\u00e9lectrification, l&rsquo;efficacit\u00e9 et les \u00e9nergies renouvelables. Gr\u00e2ce \u00e0 une nouvelle offre de cr\u00e9dits d&rsquo;imp\u00f4t f\u00e9d\u00e9raux, les communaut\u00e9s partout au Canada se mobilisent. Le centre-ville d&rsquo;Ottawa et les centres n\u00e9vralgiques, tels que Kanata-Nord peuvent diriger une vague de d\u00e9veloppement et de d\u00e9ploiement de technologies qui englobent les v\u00e9hicules \u00e9lectriques, les technologies de couplage v\u00e9hicule-r\u00e9seau, le stockage et la gestion de l&rsquo;\u00e9nergie, la construction modulaire et bien d&rsquo;autres choses encore.<\/p>\n<h2>Pr\u00e9parer l&rsquo;avenir et le fa\u00e7onner<\/h2>\n<p>Ottawa doit se pr\u00e9parer aux effets du changement climatique et r\u00e9duire consid\u00e9rablement ses \u00e9missions de carbone. C&rsquo;est l&rsquo;occasion d&rsquo;attirer de nouveaux investissements, de lancer de nouvelles entreprises, de cr\u00e9er de bons emplois \u00e9cologiques et de construire l&rsquo;infrastructure physique et sociale dont tout le reste d\u00e9pend.<\/p>\n<p>C&rsquo;est pourquoi FACO s&rsquo;engage avec la Chambre de commerce et d&rsquo;autres leaders \u00e9conomiques locaux \u00e0 explorer ces questions :<\/p>\n<ul>\n<li>Comment positionner le secteur technologique, les coll\u00e8ges et les universit\u00e9s d&rsquo;Ottawa en tant que leaders en mati\u00e8re de villes intelligentes face au climat et de r\u00e9silience \u00e9nerg\u00e9tique ?<\/li>\n<li>Quelles strat\u00e9gies novatrices permettront d&rsquo;acc\u00e9l\u00e9rer la transition de notre secteur de la construction vers des habitations \u00e0 consommation carboneutre, r\u00e9silientes et abordables ?<\/li>\n<li>Comment pouvons-nous b\u00e2tir la \u00ab\u00a0fili\u00e8re \u00e9cologique\u00a0\u00bb d&rsquo;Ottawa en mati\u00e8re d&rsquo;opportunit\u00e9s d&rsquo;investissement local \u00e0 faible \u00e9mission de carbone ?<\/li>\n<li>Comment redessiner nos quartiers pour qu&rsquo;ils soient dynamiques, efficaces, r\u00e9silients et \u00e0 faible \u00e9mission de carbone ?<\/li>\n<li>Comment revitaliser le centre-ville pour attirer des r\u00e9sidents, des travailleurs et des entreprises en transformant des bureaux vides en logements ?<\/li>\n<\/ul>\n<p><a href=\"mailto:OCAF@ocf-fco.ca\">Contactez-nous d\u00e8s aujourd&rsquo;hui<\/a> pour en savoir plus ou pour participer au prochain sommet de FACO sur l&rsquo;action climatique et la prosp\u00e9rit\u00e9 \u00e9conomique. <strong>R\u00e9duction du carbone. Communaut\u00e9 en hausse.<\/strong><\/p>\n<p>Par : Steve Winkelman, directeur g\u00e9n\u00e9ral, FACO<\/p>\n","protected":false},"excerpt":{"rendered":"<p>De la revitalisation du centre-ville au logement abordable, de l&rsquo;exploitation des prouesses technologiques d&rsquo;Ottawa au d\u00e9veloppement d&rsquo;une main-d&rsquo;\u0153uvre du 21e si\u00e8cle, les mesures prises pour traiter le changement climatique aideront la ville \u00e0 aller plus loin et plus vite dans la r\u00e9solution de tous ses d\u00e9fis urgents.<\/p>\n","protected":false},"featured_media":1877,"template":"","meta":{"_acf_changed":false,"cybocfi_hide_featured_image":""},"featured-post-item":[],"news-category":[25,46],"class_list":["post-2019","news-post","type-news-post","status-publish","has-post-thumbnail","hentry","news-category-actualites","news-category-economie"],"acf":[],"yoast_head":"<!-- This site is optimized with the Yoast SEO plugin v27.5 - https:\/\/yoast.com\/product\/yoast-seo-wordpress\/ -->\n<title>PR\u00c9VENIR, PR\u00c9PARER, PROSP\u00c9RER : les solutions climatiques aideront \u00e0 b\u00e2tir l&#039;\u00e9conomie locale - Ottawa Climate Action Fund<\/title>\n<meta name=\"robots\" content=\"index, follow, max-snippet:-1, max-image-preview:large, max-video-preview:-1\" \/>\n<link rel=\"canonical\" href=\"https:\/\/ottclimatefund.ca\/fr\/nouvelles\/prevent-prepare-prosper-climate-solutions-will-help-build-the-local-economy\/\" \/>\n<meta property=\"og:locale\" content=\"fr_FR\" \/>\n<meta property=\"og:type\" content=\"article\" \/>\n<meta property=\"og:title\" content=\"PR\u00c9VENIR, PR\u00c9PARER, PROSP\u00c9RER : les solutions climatiques aideront \u00e0 b\u00e2tir l&#039;\u00e9conomie locale - Ottawa Climate Action Fund\" \/>\n<meta property=\"og:description\" content=\"De la revitalisation du centre-ville au logement abordable, de l&#039;exploitation des prouesses technologiques d&#039;Ottawa au d\u00e9veloppement d&#039;une main-d&#039;\u0153uvre du 21e si\u00e8cle, les mesures prises pour traiter le changement climatique aideront la ville \u00e0 aller plus loin et plus vite dans la r\u00e9solution de tous ses d\u00e9fis urgents.\" \/>\n<meta property=\"og:url\" content=\"https:\/\/ottclimatefund.ca\/fr\/nouvelles\/prevent-prepare-prosper-climate-solutions-will-help-build-the-local-economy\/\" \/>\n<meta property=\"og:site_name\" content=\"Ottawa Climate Action Fund\" \/>\n<meta property=\"article:modified_time\" content=\"2024-11-27T16:22:27+00:00\" \/>\n<meta property=\"og:image\" content=\"https:\/\/ottclimatefund.ca\/wp-content\/uploads\/2023\/11\/apartment-retrofit-Andrew-Dunn_wikimedia.-commons.jpg\" \/>\n\t<meta property=\"og:image:width\" content=\"1066\" \/>\n\t<meta property=\"og:image:height\" content=\"768\" \/>\n\t<meta property=\"og:image:type\" content=\"image\/jpeg\" \/>\n<meta name=\"twitter:card\" content=\"summary_large_image\" \/>\n<meta name=\"twitter:site\" content=\"@OttClimateFund\" \/>\n<meta name=\"twitter:label1\" content=\"Est. reading time\" \/>\n\t<meta name=\"twitter:data1\" content=\"7 minutes\" \/>\n<script type=\"application\/ld+json\" class=\"yoast-schema-graph\">{\"@context\":\"https:\\\/\\\/schema.org\",\"@graph\":[{\"@type\":\"WebPage\",\"@id\":\"https:\\\/\\\/ottclimatefund.ca\\\/fr\\\/nouvelles\\\/prevent-prepare-prosper-climate-solutions-will-help-build-the-local-economy\\\/\",\"url\":\"https:\\\/\\\/ottclimatefund.ca\\\/fr\\\/nouvelles\\\/prevent-prepare-prosper-climate-solutions-will-help-build-the-local-economy\\\/\",\"name\":\"PR\u00c9VENIR, PR\u00c9PARER, PROSP\u00c9RER : les solutions climatiques aideront \u00e0 b\u00e2tir l'\u00e9conomie locale - Ottawa Climate Action Fund\",\"isPartOf\":{\"@id\":\"https:\\\/\\\/ottclimatefund.ca\\\/#website\"},\"primaryImageOfPage\":{\"@id\":\"https:\\\/\\\/ottclimatefund.ca\\\/fr\\\/nouvelles\\\/prevent-prepare-prosper-climate-solutions-will-help-build-the-local-economy\\\/#primaryimage\"},\"image\":{\"@id\":\"https:\\\/\\\/ottclimatefund.ca\\\/fr\\\/nouvelles\\\/prevent-prepare-prosper-climate-solutions-will-help-build-the-local-economy\\\/#primaryimage\"},\"thumbnailUrl\":\"https:\\\/\\\/ottclimatefund.ca\\\/wp-content\\\/uploads\\\/2023\\\/11\\\/apartment-retrofit-Andrew-Dunn_wikimedia.-commons.jpg\",\"datePublished\":\"2023-11-23T12:10:56+00:00\",\"dateModified\":\"2024-11-27T16:22:27+00:00\",\"breadcrumb\":{\"@id\":\"https:\\\/\\\/ottclimatefund.ca\\\/fr\\\/nouvelles\\\/prevent-prepare-prosper-climate-solutions-will-help-build-the-local-economy\\\/#breadcrumb\"},\"inLanguage\":\"fr-FR\",\"potentialAction\":[{\"@type\":\"ReadAction\",\"target\":[\"https:\\\/\\\/ottclimatefund.ca\\\/fr\\\/nouvelles\\\/prevent-prepare-prosper-climate-solutions-will-help-build-the-local-economy\\\/\"]}]},{\"@type\":\"ImageObject\",\"inLanguage\":\"fr-FR\",\"@id\":\"https:\\\/\\\/ottclimatefund.ca\\\/fr\\\/nouvelles\\\/prevent-prepare-prosper-climate-solutions-will-help-build-the-local-economy\\\/#primaryimage\",\"url\":\"https:\\\/\\\/ottclimatefund.ca\\\/wp-content\\\/uploads\\\/2023\\\/11\\\/apartment-retrofit-Andrew-Dunn_wikimedia.-commons.jpg\",\"contentUrl\":\"https:\\\/\\\/ottclimatefund.ca\\\/wp-content\\\/uploads\\\/2023\\\/11\\\/apartment-retrofit-Andrew-Dunn_wikimedia.-commons.jpg\",\"width\":1066,\"height\":768,\"caption\":\"Construction of apartment retrofit of Andrew Dunn buildings\"},{\"@type\":\"BreadcrumbList\",\"@id\":\"https:\\\/\\\/ottclimatefund.ca\\\/fr\\\/nouvelles\\\/prevent-prepare-prosper-climate-solutions-will-help-build-the-local-economy\\\/#breadcrumb\",\"itemListElement\":[{\"@type\":\"ListItem\",\"position\":1,\"name\":\"Home\",\"item\":\"https:\\\/\\\/ottclimatefund.ca\\\/fr\\\/\"},{\"@type\":\"ListItem\",\"position\":2,\"name\":\"PR\u00c9VENIR, PR\u00c9PARER, PROSP\u00c9RER : les solutions climatiques aideront \u00e0 b\u00e2tir l&#8217;\u00e9conomie locale\"}]},{\"@type\":\"WebSite\",\"@id\":\"https:\\\/\\\/ottclimatefund.ca\\\/#website\",\"url\":\"https:\\\/\\\/ottclimatefund.ca\\\/\",\"name\":\"Ottawa Climate Action Fund\",\"description\":\"Carbon down. Community Up.\",\"publisher\":{\"@id\":\"https:\\\/\\\/ottclimatefund.ca\\\/#organization\"},\"potentialAction\":[{\"@type\":\"SearchAction\",\"target\":{\"@type\":\"EntryPoint\",\"urlTemplate\":\"https:\\\/\\\/ottclimatefund.ca\\\/?s={search_term_string}\"},\"query-input\":{\"@type\":\"PropertyValueSpecification\",\"valueRequired\":true,\"valueName\":\"search_term_string\"}}],\"inLanguage\":\"fr-FR\"},{\"@type\":\"Organization\",\"@id\":\"https:\\\/\\\/ottclimatefund.ca\\\/#organization\",\"name\":\"Ottawa Climate Action Fund\",\"url\":\"https:\\\/\\\/ottclimatefund.ca\\\/\",\"logo\":{\"@type\":\"ImageObject\",\"inLanguage\":\"fr-FR\",\"@id\":\"https:\\\/\\\/ottclimatefund.ca\\\/#\\\/schema\\\/logo\\\/image\\\/\",\"url\":\"https:\\\/\\\/ottclimatefund.ca\\\/wp-content\\\/uploads\\\/2024\\\/07\\\/ocaf-logo.svg\",\"contentUrl\":\"https:\\\/\\\/ottclimatefund.ca\\\/wp-content\\\/uploads\\\/2024\\\/07\\\/ocaf-logo.svg\",\"width\":172,\"height\":37,\"caption\":\"Ottawa Climate Action Fund\"},\"image\":{\"@id\":\"https:\\\/\\\/ottclimatefund.ca\\\/#\\\/schema\\\/logo\\\/image\\\/\"},\"sameAs\":[\"https:\\\/\\\/x.com\\\/OttClimateFund\",\"https:\\\/\\\/www.linkedin.com\\\/company\\\/ottawa-climate-action-fund\\\/about\\\/\"]}]}<\/script>\n<!-- \/ Yoast SEO plugin. -->","yoast_head_json":{"title":"PR\u00c9VENIR, PR\u00c9PARER, PROSP\u00c9RER : les solutions climatiques aideront \u00e0 b\u00e2tir l'\u00e9conomie locale - Ottawa Climate Action Fund","robots":{"index":"index","follow":"follow","max-snippet":"max-snippet:-1","max-image-preview":"max-image-preview:large","max-video-preview":"max-video-preview:-1"},"canonical":"https:\/\/ottclimatefund.ca\/fr\/nouvelles\/prevent-prepare-prosper-climate-solutions-will-help-build-the-local-economy\/","og_locale":"fr_FR","og_type":"article","og_title":"PR\u00c9VENIR, PR\u00c9PARER, PROSP\u00c9RER : les solutions climatiques aideront \u00e0 b\u00e2tir l'\u00e9conomie locale - Ottawa Climate Action Fund","og_description":"De la revitalisation du centre-ville au logement abordable, de l'exploitation des prouesses technologiques d'Ottawa au d\u00e9veloppement d'une main-d'\u0153uvre du 21e si\u00e8cle, les mesures prises pour traiter le changement climatique aideront la ville \u00e0 aller plus loin et plus vite dans la r\u00e9solution de tous ses d\u00e9fis urgents.","og_url":"https:\/\/ottclimatefund.ca\/fr\/nouvelles\/prevent-prepare-prosper-climate-solutions-will-help-build-the-local-economy\/","og_site_name":"Ottawa Climate Action Fund","article_modified_time":"2024-11-27T16:22:27+00:00","og_image":[{"width":1066,"height":768,"url":"https:\/\/ottclimatefund.ca\/wp-content\/uploads\/2023\/11\/apartment-retrofit-Andrew-Dunn_wikimedia.-commons.jpg","type":"image\/jpeg"}],"twitter_card":"summary_large_image","twitter_site":"@OttClimateFund","twitter_misc":{"Est. reading time":"7 minutes"},"schema":{"@context":"https:\/\/schema.org","@graph":[{"@type":"WebPage","@id":"https:\/\/ottclimatefund.ca\/fr\/nouvelles\/prevent-prepare-prosper-climate-solutions-will-help-build-the-local-economy\/","url":"https:\/\/ottclimatefund.ca\/fr\/nouvelles\/prevent-prepare-prosper-climate-solutions-will-help-build-the-local-economy\/","name":"PR\u00c9VENIR, PR\u00c9PARER, PROSP\u00c9RER : les solutions climatiques aideront \u00e0 b\u00e2tir l'\u00e9conomie locale - Ottawa Climate Action Fund","isPartOf":{"@id":"https:\/\/ottclimatefund.ca\/#website"},"primaryImageOfPage":{"@id":"https:\/\/ottclimatefund.ca\/fr\/nouvelles\/prevent-prepare-prosper-climate-solutions-will-help-build-the-local-economy\/#primaryimage"},"image":{"@id":"https:\/\/ottclimatefund.ca\/fr\/nouvelles\/prevent-prepare-prosper-climate-solutions-will-help-build-the-local-economy\/#primaryimage"},"thumbnailUrl":"https:\/\/ottclimatefund.ca\/wp-content\/uploads\/2023\/11\/apartment-retrofit-Andrew-Dunn_wikimedia.-commons.jpg","datePublished":"2023-11-23T12:10:56+00:00","dateModified":"2024-11-27T16:22:27+00:00","breadcrumb":{"@id":"https:\/\/ottclimatefund.ca\/fr\/nouvelles\/prevent-prepare-prosper-climate-solutions-will-help-build-the-local-economy\/#breadcrumb"},"inLanguage":"fr-FR","potentialAction":[{"@type":"ReadAction","target":["https:\/\/ottclimatefund.ca\/fr\/nouvelles\/prevent-prepare-prosper-climate-solutions-will-help-build-the-local-economy\/"]}]},{"@type":"ImageObject","inLanguage":"fr-FR","@id":"https:\/\/ottclimatefund.ca\/fr\/nouvelles\/prevent-prepare-prosper-climate-solutions-will-help-build-the-local-economy\/#primaryimage","url":"https:\/\/ottclimatefund.ca\/wp-content\/uploads\/2023\/11\/apartment-retrofit-Andrew-Dunn_wikimedia.-commons.jpg","contentUrl":"https:\/\/ottclimatefund.ca\/wp-content\/uploads\/2023\/11\/apartment-retrofit-Andrew-Dunn_wikimedia.-commons.jpg","width":1066,"height":768,"caption":"Construction of apartment retrofit of Andrew Dunn buildings"},{"@type":"BreadcrumbList","@id":"https:\/\/ottclimatefund.ca\/fr\/nouvelles\/prevent-prepare-prosper-climate-solutions-will-help-build-the-local-economy\/#breadcrumb","itemListElement":[{"@type":"ListItem","position":1,"name":"Home","item":"https:\/\/ottclimatefund.ca\/fr\/"},{"@type":"ListItem","position":2,"name":"PR\u00c9VENIR, PR\u00c9PARER, PROSP\u00c9RER : les solutions climatiques aideront \u00e0 b\u00e2tir l&#8217;\u00e9conomie locale"}]},{"@type":"WebSite","@id":"https:\/\/ottclimatefund.ca\/#website","url":"https:\/\/ottclimatefund.ca\/","name":"Ottawa Climate Action Fund","description":"Carbon down. Community Up.","publisher":{"@id":"https:\/\/ottclimatefund.ca\/#organization"},"potentialAction":[{"@type":"SearchAction","target":{"@type":"EntryPoint","urlTemplate":"https:\/\/ottclimatefund.ca\/?s={search_term_string}"},"query-input":{"@type":"PropertyValueSpecification","valueRequired":true,"valueName":"search_term_string"}}],"inLanguage":"fr-FR"},{"@type":"Organization","@id":"https:\/\/ottclimatefund.ca\/#organization","name":"Ottawa Climate Action Fund","url":"https:\/\/ottclimatefund.ca\/","logo":{"@type":"ImageObject","inLanguage":"fr-FR","@id":"https:\/\/ottclimatefund.ca\/#\/schema\/logo\/image\/","url":"https:\/\/ottclimatefund.ca\/wp-content\/uploads\/2024\/07\/ocaf-logo.svg","contentUrl":"https:\/\/ottclimatefund.ca\/wp-content\/uploads\/2024\/07\/ocaf-logo.svg","width":172,"height":37,"caption":"Ottawa Climate Action Fund"},"image":{"@id":"https:\/\/ottclimatefund.ca\/#\/schema\/logo\/image\/"},"sameAs":["https:\/\/x.com\/OttClimateFund","https:\/\/www.linkedin.com\/company\/ottawa-climate-action-fund\/about\/"]}]}},"_links":{"self":[{"href":"https:\/\/ottclimatefund.ca\/fr\/wp-json\/wp\/v2\/news-post\/2019","targetHints":{"allow":["GET"]}}],"collection":[{"href":"https:\/\/ottclimatefund.ca\/fr\/wp-json\/wp\/v2\/news-post"}],"about":[{"href":"https:\/\/ottclimatefund.ca\/fr\/wp-json\/wp\/v2\/types\/news-post"}],"version-history":[{"count":1,"href":"https:\/\/ottclimatefund.ca\/fr\/wp-json\/wp\/v2\/news-post\/2019\/revisions"}],"predecessor-version":[{"id":2020,"href":"https:\/\/ottclimatefund.ca\/fr\/wp-json\/wp\/v2\/news-post\/2019\/revisions\/2020"}],"wp:featuredmedia":[{"embeddable":true,"href":"https:\/\/ottclimatefund.ca\/fr\/wp-json\/wp\/v2\/media\/1877"}],"wp:attachment":[{"href":"https:\/\/ottclimatefund.ca\/fr\/wp-json\/wp\/v2\/media?parent=2019"}],"wp:term":[{"taxonomy":"featured-post-item","embeddable":true,"href":"https:\/\/ottclimatefund.ca\/fr\/wp-json\/wp\/v2\/featured-post-item?post=2019"},{"taxonomy":"news-category","embeddable":true,"href":"https:\/\/ottclimatefund.ca\/fr\/wp-json\/wp\/v2\/news-category?post=2019"}],"curies":[{"name":"wp","href":"https:\/\/api.w.org\/{rel}","templated":true}]}}