{"id":1261,"date":"2024-08-13T13:33:06","date_gmt":"2024-08-13T13:33:06","guid":{"rendered":"https:\/\/www.ocaf-faco.ca\/?post_type=news-post&#038;p=1261"},"modified":"2024-09-10T12:04:02","modified_gmt":"2024-09-10T12:04:02","slug":"appel-a-propositions-de-subventions-pour-lequite-climatique","status":"publish","type":"news-post","link":"https:\/\/ottclimatefund.ca\/fr\/nouvelles\/appel-a-propositions-de-subventions-pour-lequite-climatique\/","title":{"rendered":"Appel \u00e0 propositions de subventions pour l&rsquo;\u00e9quit\u00e9 climatique"},"content":{"rendered":"<p>[extra-styles colour=\u00a0\u00bbred\u00a0\u00bb size=\u00a0\u00bblarge\u00a0\u00bb weight=\u00a0\u00bbnull\u00a0\u00bb classes=\u00a0\u00bb\u00a0\u00bb]Travaillez-vous \u00e0 une transition plus \u00e9quitable vers un avenir carboneutre ?[\/extra-styles]<\/p>\n<p>OCAF est heureuse d&rsquo;annoncer son programme de subventions pour l&rsquo;\u00e9quit\u00e9 climatique, d\u00e9velopp\u00e9 pour renforcer son engagement en faveur de l&rsquo;\u00e9quit\u00e9 et de la r\u00e9conciliation dans l&rsquo;action climatique. Ce programme est con\u00e7u pour s&rsquo;assurer que l&rsquo;action climatique n&rsquo;implique pas seulement les communaut\u00e9s qu&rsquo;elle vise \u00e0 servir, mais qu&rsquo;elle est \u00e9galement men\u00e9e par elles &#8211; en soulignant notre engagement envers les communaut\u00e9s qui ont \u00e9t\u00e9 historiquement exclues des dialogues environnementaux.<\/p>\n<p>En alignant les objectifs en mati\u00e8re d&rsquo;\u00e9quit\u00e9 et de climat, cette approche garantit que les communaut\u00e9s et les groupes les plus sensibles aux impacts \u00e9conomiques, sociaux et environnementaux du climat sont au c\u0153ur de l&rsquo;\u00e9laboration et de la mise en \u0153uvre de solutions innovantes. Nous nous sommes engag\u00e9s \u00e0 \u00e9largir le cercle de la collaboration et ce programme vise \u00e0 apporter un plus grand b\u00e9n\u00e9fice \u00e0 la communaut\u00e9 et \u00e0 l&rsquo;environnement. L&rsquo;accent mis sur l&rsquo;\u00e9quit\u00e9 climatique est essentiel pour propulser Ottawa vers un avenir <em>\u00e9quitable <\/em>et carboneutre, ce qui est au c\u0153ur de la mission de OCAF.<\/p>\n<p>Le programme donnera la priorit\u00e9 aux communaut\u00e9s historiquement marginalis\u00e9es* en finan\u00e7ant des projets novateurs qui permettent \u00e0 ces communaut\u00e9s d&rsquo;initier ou de faire progresser des actions environnementales impactantes et \u00e9volutives. Nous recherchons activement des candidats principaux qui repr\u00e9sentent ces communaut\u00e9s ou qui sont profond\u00e9ment engag\u00e9s dans des relations significatives au sein de la communaut\u00e9.<\/p>\n<blockquote><p>* Les personnes historiquement marginalis\u00e9es d\u00e9signent g\u00e9n\u00e9ralement les peuples autochtones, les Noirs, les femmes, les personnes racialis\u00e9es, les personnes \u00e9conomiquement d\u00e9favoris\u00e9es, les personnes en situation de handicap, les personnes appartenant \u00e0 une minorit\u00e9 religieuse et les personnes confront\u00e9es \u00e0 des obstacles fond\u00e9s sur l&rsquo;orientation sexuelle, l&rsquo;identit\u00e9 de genre ou l&rsquo;expression de genre.<\/p><\/blockquote>\n<p><strong>\u00a0Nous recherchons plus particuli\u00e8rement des projets \u00e0 double objectif :<\/strong><\/p>\n<ul>\n<li><strong>Entra\u00eener une r\u00e9duction des \u00e9missions de gaz \u00e0 effet de serre <\/strong>: Les projets doivent viser \u00e0 favoriser des changements soci\u00e9taux \u00e0 long terme, tels que des changements de politique, qui contribuent \u00e0 la r\u00e9duction des \u00e9missions de gaz \u00e0 effet de serre.<\/li>\n<li><strong>Am\u00e9lioration du bien-\u00eatre pour les communaut\u00e9s m\u00e9ritant l&rsquo;\u00e9quit\u00e9 <\/strong>: Les projets doivent donner la priorit\u00e9 \u00e0 l&rsquo;am\u00e9lioration des conditions sociales, \u00e9conomiques et environnementales pour les communaut\u00e9s en situation d&rsquo;\u00e9quit\u00e9.<\/li>\n<\/ul>\n<p>Vous avez des questions ou souhaitez discuter ? R\u00e9servez un moment pour prendre un caf\u00e9 (virtuellement ou en personne) avec Teagan. Elle sera heureuse de vous rencontrer pour discuter de l&rsquo;admissibilit\u00e9, de vos id\u00e9es de projets ou simplement pour en apprendre davantage sur les solutions qui peuvent fonctionner dans votre communaut\u00e9 et r\u00e9pondre \u00e0 vos besoins.<\/p>\n<div class=\"btn-wrap center\"><a href=\"https:\/\/calendly.com\/tyaremchuk-ottclimatefund\/30min\" class=\"btn \" target=\"_self\">r\u00e9server une r\u00e9union<\/a><\/div>\n<h2><span class=\"TextRun SCXW230887507 BCX0\" lang=\"EN-US\" xml:lang=\"EN-US\" data-contrast=\"auto\"><span class=\"NormalTextRun SCXW230887507 BCX0\">Comment <\/span><span class=\"NormalTextRun SCXW230887507 BCX0\">p<\/span><span class=\"NormalTextRun SCXW230887507 BCX0\">resenter <\/span><span class=\"NormalTextRun SpellingErrorV2Themed SCXW230887507 BCX0\">une<\/span> <span class=\"NormalTextRun SpellingErrorV2Themed SCXW230887507 BCX0\">dema<\/span><span class=\"NormalTextRun SpellingErrorV2Themed SCXW230887507 BCX0\">nde<\/span><span class=\"NormalTextRun SCXW230887507 BCX0\">:<\/span><\/span><span class=\"EOP SCXW230887507 BCX0\" data-ccp-props=\"{&quot;134233117&quot;:false,&quot;134233118&quot;:false,&quot;201341983&quot;:0,&quot;335559738&quot;:240,&quot;335559739&quot;:240,&quot;335559740&quot;:279}\">\u00a0<\/span><\/h2>\n<p><span class=\"TextRun SCXW79200529 BCX0\" lang=\"FR-FR\" xml:lang=\"FR-FR\" data-contrast=\"auto\"><span class=\"NormalTextRun SCXW79200529 BCX0\">Nous demandons \u00e0 tous les candidats potentiels de consulter le guide d<\/span><span class=\"NormalTextRun SCXW79200529 BCX0\">e demande pour obtenir des d\u00e9tails suppl\u00e9mentaires et des informations sur l&rsquo;\u00e9ligibilit\u00e9 avant de poser leur<\/span><span class=\"NormalTextRun SCXW79200529 BCX0\"> d\u00e9claration d&rsquo;int\u00e9r\u00eat.<\/span><span class=\"NormalTextRun SCXW79200529 BCX0\">\u00a0<\/span><span class=\"NormalTextRun SCXW79200529 BCX0\">La date limite pour la <\/span><span class=\"NormalTextRun SCXW79200529 BCX0\">d\u00e9claration <\/span><span class=\"NormalTextRun SCXW79200529 BCX0\">d<\/span><span class=\"NormalTextRun SCXW79200529 BCX0\">&lsquo;int\u00e9r\u00eat\u00a0est<\/span> <span class=\"NormalTextRun SCXW79200529 BCX0\">le <strong>25<\/strong><\/span><\/span><strong><span class=\"TextRun SCXW79200529 BCX0\" lang=\"FR-FR\" xml:lang=\"FR-FR\" data-contrast=\"auto\"><span class=\"NormalTextRun SCXW79200529 BCX0\"><strong>\u00a0<\/strong>septembre 2024<\/span><\/span><\/strong><span class=\"TextRun SCXW79200529 BCX0\" lang=\"FR-FR\" xml:lang=\"FR-FR\" data-contrast=\"auto\"><span class=\"NormalTextRun SCXW79200529 BCX0\">. Veuillez envoyer votre <\/span><span class=\"NormalTextRun SCXW79200529 BCX0\">d\u00e9claration <\/span><span class=\"NormalTextRun SCXW79200529 BCX0\">d&rsquo;int\u00e9r\u00eat compl\u00e8te et votre mod\u00e8le de budget \u00e0 Teagan.<\/span><\/span><span class=\"EOP SCXW79200529 BCX0\" data-ccp-props=\"{&quot;134233117&quot;:false,&quot;134233118&quot;:false,&quot;201341983&quot;:0,&quot;335559738&quot;:240,&quot;335559739&quot;:240,&quot;335559740&quot;:279}\">\u00a0<\/span><\/p>\n<div class=\"btn-wrap center\"><a href=\"https:\/\/www.ocaf-faco.ca\/wp-content\/uploads\/2024\/08\/climate-equity-applicant-guide-aug-2024-FR-1.pdf\" class=\"btn \" target=\"_self\">T\u00e9l\u00e9charger le guide de demande<\/a><\/div>\n<ul>\n<li><a href=\"https:\/\/www.ocaf-faco.ca\/wp-content\/uploads\/2024\/08\/OCAF-EOI-template-Aug-2024_FR.docx\">D\u00e9claration d&rsquo;int\u00e9r\u00eat mod\u00e8le<\/a><\/li>\n<li><a href=\"https:\/\/www.ocaf-faco.ca\/wp-content\/uploads\/2024\/08\/OCAF-proposal-budget-template-April-11-2024.xlsx\">Mod\u00e8le de budget<\/a><\/li>\n<\/ul>\n<p>Envoyez un email \u00e0 Teagan pour soumettre votre candidature et pour toute question que vous pourriez avoir : <a href=\"mailto:tyaremchuk@ottclimatefund.ca\">tyaremchuk@ottclimatefund.ca<\/a><\/p>\n","protected":false},"excerpt":{"rendered":"<p>[extra-styles colour=\u00a0\u00bbred\u00a0\u00bb size=\u00a0\u00bblarge\u00a0\u00bb weight=\u00a0\u00bbnull\u00a0\u00bb classes=\u00a0\u00bb\u00a0\u00bb]Travaillez-vous \u00e0 une transition plus \u00e9quitable vers un avenir carboneutre ?[\/extra-styles] OCAF est heureuse d&rsquo;annoncer son programme de subventions pour l&rsquo;\u00e9quit\u00e9 climatique, d\u00e9velopp\u00e9 pour renforcer son engagement en faveur de l&rsquo;\u00e9quit\u00e9 et de la r\u00e9conciliation dans l&rsquo;action climatique. Ce programme est con\u00e7u pour s&rsquo;assurer que l&rsquo;action climatique n&rsquo;implique pas seulement les [&hellip;]<\/p>\n","protected":false},"featured_media":1267,"template":"","meta":{"_acf_changed":false,"cybocfi_hide_featured_image":""},"featured-post-item":[],"news-category":[25],"class_list":["post-1261","news-post","type-news-post","status-publish","has-post-thumbnail","hentry","news-category-actualites"],"acf":[],"yoast_head":"<!-- This site is optimized with the Yoast SEO plugin v27.5 - https:\/\/yoast.com\/product\/yoast-seo-wordpress\/ -->\n<title>Appel \u00e0 propositions de subventions pour l&#039;\u00e9quit\u00e9 climatique - Ottawa Climate Action Fund<\/title>\n<meta name=\"robots\" content=\"index, follow, max-snippet:-1, max-image-preview:large, max-video-preview:-1\" \/>\n<link rel=\"canonical\" href=\"https:\/\/ottclimatefund.ca\/fr\/nouvelles\/appel-a-propositions-de-subventions-pour-lequite-climatique\/\" \/>\n<meta property=\"og:locale\" content=\"fr_FR\" \/>\n<meta property=\"og:type\" content=\"article\" \/>\n<meta property=\"og:title\" content=\"Appel \u00e0 propositions de subventions pour l&#039;\u00e9quit\u00e9 climatique - Ottawa Climate Action Fund\" \/>\n<meta property=\"og:description\" content=\"[extra-styles colour=\u00a0\u00bbred\u00a0\u00bb size=\u00a0\u00bblarge\u00a0\u00bb weight=\u00a0\u00bbnull\u00a0\u00bb classes=\u00a0\u00bb\u00a0\u00bb]Travaillez-vous \u00e0 une transition plus \u00e9quitable vers un avenir carboneutre ?[\/extra-styles] OCAF est heureuse d&rsquo;annoncer son programme de subventions pour l&rsquo;\u00e9quit\u00e9 climatique, d\u00e9velopp\u00e9 pour renforcer son engagement en faveur de l&rsquo;\u00e9quit\u00e9 et de la r\u00e9conciliation dans l&rsquo;action climatique. Ce programme est con\u00e7u pour s&rsquo;assurer que l&rsquo;action climatique n&rsquo;implique pas seulement les [&hellip;]\" \/>\n<meta property=\"og:url\" content=\"https:\/\/ottclimatefund.ca\/fr\/nouvelles\/appel-a-propositions-de-subventions-pour-lequite-climatique\/\" \/>\n<meta property=\"og:site_name\" content=\"Ottawa Climate Action Fund\" \/>\n<meta property=\"article:modified_time\" content=\"2024-09-10T12:04:02+00:00\" \/>\n<meta property=\"og:image\" content=\"https:\/\/ottclimatefund.ca\/wp-content\/uploads\/2024\/08\/Climate-Equity-social-assets-3-1024x576.png\" \/>\n\t<meta property=\"og:image:width\" content=\"1024\" \/>\n\t<meta property=\"og:image:height\" content=\"576\" \/>\n\t<meta property=\"og:image:type\" content=\"image\/png\" \/>\n<meta name=\"twitter:card\" content=\"summary_large_image\" \/>\n<meta name=\"twitter:site\" content=\"@OttClimateFund\" \/>\n<meta name=\"twitter:label1\" content=\"Est. reading time\" \/>\n\t<meta name=\"twitter:data1\" content=\"3 minutes\" \/>\n<script type=\"application\/ld+json\" class=\"yoast-schema-graph\">{\"@context\":\"https:\\\/\\\/schema.org\",\"@graph\":[{\"@type\":\"WebPage\",\"@id\":\"https:\\\/\\\/ottclimatefund.ca\\\/fr\\\/nouvelles\\\/appel-a-propositions-de-subventions-pour-lequite-climatique\\\/\",\"url\":\"https:\\\/\\\/ottclimatefund.ca\\\/fr\\\/nouvelles\\\/appel-a-propositions-de-subventions-pour-lequite-climatique\\\/\",\"name\":\"Appel \u00e0 propositions de subventions pour l'\u00e9quit\u00e9 climatique - Ottawa Climate Action Fund\",\"isPartOf\":{\"@id\":\"https:\\\/\\\/ottclimatefund.ca\\\/#website\"},\"primaryImageOfPage\":{\"@id\":\"https:\\\/\\\/ottclimatefund.ca\\\/fr\\\/nouvelles\\\/appel-a-propositions-de-subventions-pour-lequite-climatique\\\/#primaryimage\"},\"image\":{\"@id\":\"https:\\\/\\\/ottclimatefund.ca\\\/fr\\\/nouvelles\\\/appel-a-propositions-de-subventions-pour-lequite-climatique\\\/#primaryimage\"},\"thumbnailUrl\":\"https:\\\/\\\/ottclimatefund.ca\\\/wp-content\\\/uploads\\\/2024\\\/08\\\/Climate-Equity-social-assets-3.png\",\"datePublished\":\"2024-08-13T13:33:06+00:00\",\"dateModified\":\"2024-09-10T12:04:02+00:00\",\"breadcrumb\":{\"@id\":\"https:\\\/\\\/ottclimatefund.ca\\\/fr\\\/nouvelles\\\/appel-a-propositions-de-subventions-pour-lequite-climatique\\\/#breadcrumb\"},\"inLanguage\":\"fr-FR\",\"potentialAction\":[{\"@type\":\"ReadAction\",\"target\":[\"https:\\\/\\\/ottclimatefund.ca\\\/fr\\\/nouvelles\\\/appel-a-propositions-de-subventions-pour-lequite-climatique\\\/\"]}]},{\"@type\":\"ImageObject\",\"inLanguage\":\"fr-FR\",\"@id\":\"https:\\\/\\\/ottclimatefund.ca\\\/fr\\\/nouvelles\\\/appel-a-propositions-de-subventions-pour-lequite-climatique\\\/#primaryimage\",\"url\":\"https:\\\/\\\/ottclimatefund.ca\\\/wp-content\\\/uploads\\\/2024\\\/08\\\/Climate-Equity-social-assets-3.png\",\"contentUrl\":\"https:\\\/\\\/ottclimatefund.ca\\\/wp-content\\\/uploads\\\/2024\\\/08\\\/Climate-Equity-social-assets-3.png\",\"width\":1600,\"height\":900,\"caption\":\"Ottawa Skyline at sunset\"},{\"@type\":\"BreadcrumbList\",\"@id\":\"https:\\\/\\\/ottclimatefund.ca\\\/fr\\\/nouvelles\\\/appel-a-propositions-de-subventions-pour-lequite-climatique\\\/#breadcrumb\",\"itemListElement\":[{\"@type\":\"ListItem\",\"position\":1,\"name\":\"Home\",\"item\":\"https:\\\/\\\/ottclimatefund.ca\\\/fr\\\/\"},{\"@type\":\"ListItem\",\"position\":2,\"name\":\"Appel \u00e0 propositions de subventions pour l&#8217;\u00e9quit\u00e9 climatique\"}]},{\"@type\":\"WebSite\",\"@id\":\"https:\\\/\\\/ottclimatefund.ca\\\/#website\",\"url\":\"https:\\\/\\\/ottclimatefund.ca\\\/\",\"name\":\"Ottawa Climate Action Fund\",\"description\":\"Carbon down. Community Up.\",\"publisher\":{\"@id\":\"https:\\\/\\\/ottclimatefund.ca\\\/#organization\"},\"potentialAction\":[{\"@type\":\"SearchAction\",\"target\":{\"@type\":\"EntryPoint\",\"urlTemplate\":\"https:\\\/\\\/ottclimatefund.ca\\\/?s={search_term_string}\"},\"query-input\":{\"@type\":\"PropertyValueSpecification\",\"valueRequired\":true,\"valueName\":\"search_term_string\"}}],\"inLanguage\":\"fr-FR\"},{\"@type\":\"Organization\",\"@id\":\"https:\\\/\\\/ottclimatefund.ca\\\/#organization\",\"name\":\"Ottawa Climate Action Fund\",\"url\":\"https:\\\/\\\/ottclimatefund.ca\\\/\",\"logo\":{\"@type\":\"ImageObject\",\"inLanguage\":\"fr-FR\",\"@id\":\"https:\\\/\\\/ottclimatefund.ca\\\/#\\\/schema\\\/logo\\\/image\\\/\",\"url\":\"https:\\\/\\\/ottclimatefund.ca\\\/wp-content\\\/uploads\\\/2024\\\/07\\\/ocaf-logo.svg\",\"contentUrl\":\"https:\\\/\\\/ottclimatefund.ca\\\/wp-content\\\/uploads\\\/2024\\\/07\\\/ocaf-logo.svg\",\"width\":172,\"height\":37,\"caption\":\"Ottawa Climate Action Fund\"},\"image\":{\"@id\":\"https:\\\/\\\/ottclimatefund.ca\\\/#\\\/schema\\\/logo\\\/image\\\/\"},\"sameAs\":[\"https:\\\/\\\/x.com\\\/OttClimateFund\",\"https:\\\/\\\/www.linkedin.com\\\/company\\\/ottawa-climate-action-fund\\\/about\\\/\"]}]}<\/script>\n<!-- \/ Yoast SEO plugin. -->","yoast_head_json":{"title":"Appel \u00e0 propositions de subventions pour l'\u00e9quit\u00e9 climatique - Ottawa Climate Action Fund","robots":{"index":"index","follow":"follow","max-snippet":"max-snippet:-1","max-image-preview":"max-image-preview:large","max-video-preview":"max-video-preview:-1"},"canonical":"https:\/\/ottclimatefund.ca\/fr\/nouvelles\/appel-a-propositions-de-subventions-pour-lequite-climatique\/","og_locale":"fr_FR","og_type":"article","og_title":"Appel \u00e0 propositions de subventions pour l'\u00e9quit\u00e9 climatique - Ottawa Climate Action Fund","og_description":"[extra-styles colour=\u00a0\u00bbred\u00a0\u00bb size=\u00a0\u00bblarge\u00a0\u00bb weight=\u00a0\u00bbnull\u00a0\u00bb classes=\u00a0\u00bb\u00a0\u00bb]Travaillez-vous \u00e0 une transition plus \u00e9quitable vers un avenir carboneutre ?[\/extra-styles] OCAF est heureuse d&rsquo;annoncer son programme de subventions pour l&rsquo;\u00e9quit\u00e9 climatique, d\u00e9velopp\u00e9 pour renforcer son engagement en faveur de l&rsquo;\u00e9quit\u00e9 et de la r\u00e9conciliation dans l&rsquo;action climatique. Ce programme est con\u00e7u pour s&rsquo;assurer que l&rsquo;action climatique n&rsquo;implique pas seulement les [&hellip;]","og_url":"https:\/\/ottclimatefund.ca\/fr\/nouvelles\/appel-a-propositions-de-subventions-pour-lequite-climatique\/","og_site_name":"Ottawa Climate Action Fund","article_modified_time":"2024-09-10T12:04:02+00:00","og_image":[{"width":1024,"height":576,"url":"https:\/\/ottclimatefund.ca\/wp-content\/uploads\/2024\/08\/Climate-Equity-social-assets-3-1024x576.png","type":"image\/png"}],"twitter_card":"summary_large_image","twitter_site":"@OttClimateFund","twitter_misc":{"Est. reading time":"3 minutes"},"schema":{"@context":"https:\/\/schema.org","@graph":[{"@type":"WebPage","@id":"https:\/\/ottclimatefund.ca\/fr\/nouvelles\/appel-a-propositions-de-subventions-pour-lequite-climatique\/","url":"https:\/\/ottclimatefund.ca\/fr\/nouvelles\/appel-a-propositions-de-subventions-pour-lequite-climatique\/","name":"Appel \u00e0 propositions de subventions pour l'\u00e9quit\u00e9 climatique - Ottawa Climate Action Fund","isPartOf":{"@id":"https:\/\/ottclimatefund.ca\/#website"},"primaryImageOfPage":{"@id":"https:\/\/ottclimatefund.ca\/fr\/nouvelles\/appel-a-propositions-de-subventions-pour-lequite-climatique\/#primaryimage"},"image":{"@id":"https:\/\/ottclimatefund.ca\/fr\/nouvelles\/appel-a-propositions-de-subventions-pour-lequite-climatique\/#primaryimage"},"thumbnailUrl":"https:\/\/ottclimatefund.ca\/wp-content\/uploads\/2024\/08\/Climate-Equity-social-assets-3.png","datePublished":"2024-08-13T13:33:06+00:00","dateModified":"2024-09-10T12:04:02+00:00","breadcrumb":{"@id":"https:\/\/ottclimatefund.ca\/fr\/nouvelles\/appel-a-propositions-de-subventions-pour-lequite-climatique\/#breadcrumb"},"inLanguage":"fr-FR","potentialAction":[{"@type":"ReadAction","target":["https:\/\/ottclimatefund.ca\/fr\/nouvelles\/appel-a-propositions-de-subventions-pour-lequite-climatique\/"]}]},{"@type":"ImageObject","inLanguage":"fr-FR","@id":"https:\/\/ottclimatefund.ca\/fr\/nouvelles\/appel-a-propositions-de-subventions-pour-lequite-climatique\/#primaryimage","url":"https:\/\/ottclimatefund.ca\/wp-content\/uploads\/2024\/08\/Climate-Equity-social-assets-3.png","contentUrl":"https:\/\/ottclimatefund.ca\/wp-content\/uploads\/2024\/08\/Climate-Equity-social-assets-3.png","width":1600,"height":900,"caption":"Ottawa Skyline at sunset"},{"@type":"BreadcrumbList","@id":"https:\/\/ottclimatefund.ca\/fr\/nouvelles\/appel-a-propositions-de-subventions-pour-lequite-climatique\/#breadcrumb","itemListElement":[{"@type":"ListItem","position":1,"name":"Home","item":"https:\/\/ottclimatefund.ca\/fr\/"},{"@type":"ListItem","position":2,"name":"Appel \u00e0 propositions de subventions pour l&#8217;\u00e9quit\u00e9 climatique"}]},{"@type":"WebSite","@id":"https:\/\/ottclimatefund.ca\/#website","url":"https:\/\/ottclimatefund.ca\/","name":"Ottawa Climate Action Fund","description":"Carbon down. Community Up.","publisher":{"@id":"https:\/\/ottclimatefund.ca\/#organization"},"potentialAction":[{"@type":"SearchAction","target":{"@type":"EntryPoint","urlTemplate":"https:\/\/ottclimatefund.ca\/?s={search_term_string}"},"query-input":{"@type":"PropertyValueSpecification","valueRequired":true,"valueName":"search_term_string"}}],"inLanguage":"fr-FR"},{"@type":"Organization","@id":"https:\/\/ottclimatefund.ca\/#organization","name":"Ottawa Climate Action Fund","url":"https:\/\/ottclimatefund.ca\/","logo":{"@type":"ImageObject","inLanguage":"fr-FR","@id":"https:\/\/ottclimatefund.ca\/#\/schema\/logo\/image\/","url":"https:\/\/ottclimatefund.ca\/wp-content\/uploads\/2024\/07\/ocaf-logo.svg","contentUrl":"https:\/\/ottclimatefund.ca\/wp-content\/uploads\/2024\/07\/ocaf-logo.svg","width":172,"height":37,"caption":"Ottawa Climate Action Fund"},"image":{"@id":"https:\/\/ottclimatefund.ca\/#\/schema\/logo\/image\/"},"sameAs":["https:\/\/x.com\/OttClimateFund","https:\/\/www.linkedin.com\/company\/ottawa-climate-action-fund\/about\/"]}]}},"_links":{"self":[{"href":"https:\/\/ottclimatefund.ca\/fr\/wp-json\/wp\/v2\/news-post\/1261","targetHints":{"allow":["GET"]}}],"collection":[{"href":"https:\/\/ottclimatefund.ca\/fr\/wp-json\/wp\/v2\/news-post"}],"about":[{"href":"https:\/\/ottclimatefund.ca\/fr\/wp-json\/wp\/v2\/types\/news-post"}],"version-history":[{"count":1,"href":"https:\/\/ottclimatefund.ca\/fr\/wp-json\/wp\/v2\/news-post\/1261\/revisions"}],"predecessor-version":[{"id":1354,"href":"https:\/\/ottclimatefund.ca\/fr\/wp-json\/wp\/v2\/news-post\/1261\/revisions\/1354"}],"wp:featuredmedia":[{"embeddable":true,"href":"https:\/\/ottclimatefund.ca\/fr\/wp-json\/wp\/v2\/media\/1267"}],"wp:attachment":[{"href":"https:\/\/ottclimatefund.ca\/fr\/wp-json\/wp\/v2\/media?parent=1261"}],"wp:term":[{"taxonomy":"featured-post-item","embeddable":true,"href":"https:\/\/ottclimatefund.ca\/fr\/wp-json\/wp\/v2\/featured-post-item?post=1261"},{"taxonomy":"news-category","embeddable":true,"href":"https:\/\/ottclimatefund.ca\/fr\/wp-json\/wp\/v2\/news-category?post=1261"}],"curies":[{"name":"wp","href":"https:\/\/api.w.org\/{rel}","templated":true}]}}